{"id":12000,"date":"2023-09-24T13:42:34","date_gmt":"2023-09-24T18:42:34","guid":{"rendered":"https:\/\/villazul.com.mx\/blog\/?p=12000"},"modified":"2023-10-04T13:51:32","modified_gmt":"2023-10-04T18:51:32","slug":"cuando-es-el-dia-del-abuelo","status":"publish","type":"post","link":"https:\/\/villazul.com.mx\/blog\/cuando-es-el-dia-del-abuelo\/","title":{"rendered":"\u00bfCu\u00e1ndo es el d\u00eda del abuelo?"},"content":{"rendered":"<p>[vc_row][vc_column][vc_column_text]<\/p>\n<p style=\"text-align: center;\"><span style=\"font-weight: 400;\">Podemos encontrar tres fechas cada una definida por distintos organismos<\/span><\/p>\n<p style=\"text-align: center;\"><span style=\"font-weight: 400;\">26 de Julio \u00a0 \u00a0 \u00a0 \u00a0 \u00a0 \u00a0 \u00a0 \u00a0 \u00a0 \u00a0 \u00a0 \u00a0 28 de Agosto \u00a0 \u00a0 \u00a0 \u00a0 \u00a0 \u00a0 \u00a0 \u00a0 \u00a0 \u00a0 \u00a0 \u00a0 \u00a0 1\u00a0 de Octubre<\/span><\/p>\n<p>[\/vc_column_text][\/vc_column][\/vc_row][vc_row][vc_column][vc_column_text]<span style=\"font-weight: 400;\">Conoce el origen de estas fechas<\/span><\/p>\n<p>&nbsp;<\/p>\n<ul>\n<li style=\"font-weight: 400;\" aria-level=\"1\"><span style=\"font-weight: 400;\">En 1982 se decret\u00f3 el mes de agosto como mes de la vejez a nivel internacional.\u00a0<\/span><\/li>\n<\/ul>\n<p>&nbsp;<\/p>\n<ul>\n<li style=\"font-weight: 400;\" aria-level=\"1\"><span style=\"font-weight: 400;\">El 14 de diciembre de 1990 la Asamblea General de las Naciones Unidas, declar\u00f3 el 1 de octubre como D\u00eda Internacional de las Personas de Edad.\u00a0<\/span><\/li>\n<\/ul>\n<p>&nbsp;<\/p>\n<ul>\n<li style=\"font-weight: 400;\" aria-level=\"1\"><span style=\"font-weight: 400;\">8 a\u00f1os despu\u00e9s (1998)\u00a0 la ONG Mensajeros de la Paz defini\u00f3 el 26 de Julio como d\u00eda internacional del abuelo. <\/span><\/li>\n<\/ul>\n<p>[\/vc_column_text][\/vc_column][\/vc_row][vc_row][vc_column][vc_single_image image=&#8221;11999&#8243; img_size=&#8221;medium&#8221; alignment=&#8221;center&#8221;][\/vc_column][\/vc_row][vc_row][vc_column][vc_column_text]<span style=\"font-weight: 400;\">En M\u00e9xico desde 1998 se adopt\u00f3 el 28 de agosto como D\u00eda del Anciano o Abuelo en M\u00e9xico, actualmente se denomina d\u00eda del adulto mayor, t\u00e9rmino que incluye a todas las personas de la tercera edad, sin importar el g\u00e9nero o si tienen o no tuvieron nietos, el t\u00e9rmino anterior incluye a los abuelos que no necesariamente son personas de la tercera edad.*<\/span><\/p>\n<p>&nbsp;<\/p>\n<p><span style=\"font-weight: 400;\">M\u00e9xico celebra el D\u00eda Nacional del Adulto el 28 de agosto de cada a\u00f1o con el objetivo de reconocer la participaci\u00f3n de los adultos mayores en el desarrollo cultural, social, econ\u00f3mico y pol\u00edtico, adem\u00e1s de la lucha por el reconocimiento y pleno ejercicio de sus derechos.<\/span><\/p>\n<p>&nbsp;<\/p>\n<p><span style=\"font-weight: 400;\">\u00bfSab\u00edas que en M\u00e9xico en 2013 hab\u00eda 10.1 millones de personas de la tercera edad?<\/span><\/p>\n<p>&nbsp;<\/p>\n<p><span style=\"font-weight: 400;\">Seg\u00fan cifras del inegi de 2022 esta cifra aument\u00f3 a 17 958 707 personas de m\u00e1s de 60 a\u00f1os, lo que representa el 14% de la poblaci\u00f3n en M\u00e9xico\u00a0<\/span><\/p>\n<p>&nbsp;<\/p>\n<p><span style=\"font-weight: 400;\">\u00bfC\u00f3mo celebrar el d\u00eda del adulto mayor?<\/span><\/p>\n<p>&nbsp;<\/p>\n<p><span style=\"font-weight: 400;\">En Residencia Villazul celebramos el pasado 28 de agosto a nuestros adultos mayores, la tem\u00e1tica de la fiesta fue \u201cmoda disco\u201d, por lo que no pod\u00eda faltar la m\u00fasica, el baile pero sobre todo las risas. El equipo Villazul, residentes y familiares bailamos hasta el cansancio.\u00a0<\/span>[\/vc_column_text][\/vc_column][\/vc_row][vc_row][vc_column width=&#8221;1\/2&#8243;][vc_single_image image=&#8221;11998&#8243; img_size=&#8221;medium&#8221; alignment=&#8221;center&#8221;][\/vc_column][vc_column width=&#8221;1\/2&#8243;][vc_single_image image=&#8221;11995&#8243; img_size=&#8221;medium&#8221; alignment=&#8221;center&#8221;][\/vc_column][\/vc_row][vc_row][vc_column][vc_empty_space][vc_column_text]<span style=\"font-weight: 400;\">No\u00a0 importa que d\u00eda celebres con tus seres queridos, siempre sonr\u00ede.<\/span>[\/vc_column_text][\/vc_column][\/vc_row][vc_row][vc_column][\/vc_column][\/vc_row]<\/p>\n","protected":false},"excerpt":{"rendered":"<p>[vc_row][vc_column][vc_column_text] Podemos encontrar tres fechas cada una defin[&#8230;]<\/p>\n","protected":false},"author":1,"featured_media":11997,"comment_status":"closed","ping_status":"closed","sticky":false,"template":"","format":"standard","meta":{"_mi_skip_tracking":false},"categories":[23],"tags":[],"aioseo_notices":[],"yoast_head":"<!-- This site is optimized with the Yoast SEO plugin v16.3 - https:\/\/yoast.com\/wordpress\/plugins\/seo\/ -->\n<title>\u00bfCu\u00e1ndo es el d\u00eda del abuelo? - Villazul<\/title>\n<meta name=\"robots\" content=\"index, follow, max-snippet:-1, max-image-preview:large, max-video-preview:-1\" \/>\n<link rel=\"canonical\" href=\"https:\/\/villazul.com.mx\/blog\/cuando-es-el-dia-del-abuelo\/\" \/>\n<meta property=\"og:locale\" content=\"es_MX\" \/>\n<meta property=\"og:type\" content=\"article\" \/>\n<meta property=\"og:title\" content=\"\u00bfCu\u00e1ndo es el d\u00eda del abuelo? - Villazul\" \/>\n<meta property=\"og:description\" content=\"[vc_row][vc_column][vc_column_text] Podemos encontrar tres fechas cada una defin[...]\" \/>\n<meta property=\"og:url\" content=\"https:\/\/villazul.com.mx\/blog\/cuando-es-el-dia-del-abuelo\/\" \/>\n<meta property=\"og:site_name\" content=\"Villazul\" \/>\n<meta property=\"article:published_time\" content=\"2023-09-24T18:42:34+00:00\" \/>\n<meta property=\"article:modified_time\" content=\"2023-10-04T18:51:32+00:00\" \/>\n<meta name=\"twitter:card\" content=\"summary_large_image\" \/>\n<meta name=\"twitter:image\" content=\"https:\/\/villazul.com.mx\/blog\/wp-content\/uploads\/2023\/10\/Amigas-abuelitas.webp\" \/>\n<meta name=\"twitter:label1\" content=\"Tiempo de lectura\">\n\t<meta name=\"twitter:data1\" content=\"2 minutos\">\n<script type=\"application\/ld+json\" class=\"yoast-schema-graph\">{\"@context\":\"https:\/\/schema.org\",\"@graph\":[{\"@type\":\"WebSite\",\"@id\":\"https:\/\/villazul.com.mx\/blog\/#website\",\"url\":\"https:\/\/villazul.com.mx\/blog\/\",\"name\":\"Villazul\",\"description\":\"Nuevo sitio de villazul\",\"potentialAction\":[{\"@type\":\"SearchAction\",\"target\":\"https:\/\/villazul.com.mx\/blog\/?s={search_term_string}\",\"query-input\":\"required name=search_term_string\"}],\"inLanguage\":\"es-MX\"},{\"@type\":\"ImageObject\",\"@id\":\"https:\/\/villazul.com.mx\/blog\/cuando-es-el-dia-del-abuelo\/#primaryimage\",\"inLanguage\":\"es-MX\",\"url\":\"https:\/\/villazul.com.mx\/blog\/wp-content\/uploads\/2023\/10\/Amigas-abuelitas.webp\",\"contentUrl\":\"https:\/\/villazul.com.mx\/blog\/wp-content\/uploads\/2023\/10\/Amigas-abuelitas.webp\",\"width\":520,\"height\":520,\"caption\":\"Abuelitas celebrando\"},{\"@type\":\"WebPage\",\"@id\":\"https:\/\/villazul.com.mx\/blog\/cuando-es-el-dia-del-abuelo\/#webpage\",\"url\":\"https:\/\/villazul.com.mx\/blog\/cuando-es-el-dia-del-abuelo\/\",\"name\":\"\\u00bfCu\\u00e1ndo es el d\\u00eda del abuelo? - Villazul\",\"isPartOf\":{\"@id\":\"https:\/\/villazul.com.mx\/blog\/#website\"},\"primaryImageOfPage\":{\"@id\":\"https:\/\/villazul.com.mx\/blog\/cuando-es-el-dia-del-abuelo\/#primaryimage\"},\"datePublished\":\"2023-09-24T18:42:34+00:00\",\"dateModified\":\"2023-10-04T18:51:32+00:00\",\"author\":{\"@id\":\"https:\/\/villazul.com.mx\/blog\/#\/schema\/person\/a475819fd8bbc2d65d41b7f2f9ae4caf\"},\"breadcrumb\":{\"@id\":\"https:\/\/villazul.com.mx\/blog\/cuando-es-el-dia-del-abuelo\/#breadcrumb\"},\"inLanguage\":\"es-MX\",\"potentialAction\":[{\"@type\":\"ReadAction\",\"target\":[\"https:\/\/villazul.com.mx\/blog\/cuando-es-el-dia-del-abuelo\/\"]}]},{\"@type\":\"BreadcrumbList\",\"@id\":\"https:\/\/villazul.com.mx\/blog\/cuando-es-el-dia-del-abuelo\/#breadcrumb\",\"itemListElement\":[{\"@type\":\"ListItem\",\"position\":1,\"item\":{\"@type\":\"WebPage\",\"@id\":\"https:\/\/villazul.com.mx\/blog\/\",\"url\":\"https:\/\/villazul.com.mx\/blog\/\",\"name\":\"Portada\"}},{\"@type\":\"ListItem\",\"position\":2,\"item\":{\"@id\":\"https:\/\/villazul.com.mx\/blog\/cuando-es-el-dia-del-abuelo\/#webpage\"}}]},{\"@type\":\"Person\",\"@id\":\"https:\/\/villazul.com.mx\/blog\/#\/schema\/person\/a475819fd8bbc2d65d41b7f2f9ae4caf\",\"name\":\"Villazul\",\"image\":{\"@type\":\"ImageObject\",\"@id\":\"https:\/\/villazul.com.mx\/blog\/#personlogo\",\"inLanguage\":\"es-MX\",\"url\":\"https:\/\/secure.gravatar.com\/avatar\/f1232790788b518e2037538f031ffb77?s=96&d=mm&r=g\",\"contentUrl\":\"https:\/\/secure.gravatar.com\/avatar\/f1232790788b518e2037538f031ffb77?s=96&d=mm&r=g\",\"caption\":\"Villazul\"},\"sameAs\":[\"https:\/\/villazul.com.mx\/blog\"],\"url\":\"https:\/\/villazul.com.mx\/blog\/author\/villazul\/\"}]}<\/script>\n<!-- \/ Yoast SEO plugin. -->","_links":{"self":[{"href":"https:\/\/villazul.com.mx\/blog\/wp-json\/wp\/v2\/posts\/12000"}],"collection":[{"href":"https:\/\/villazul.com.mx\/blog\/wp-json\/wp\/v2\/posts"}],"about":[{"href":"https:\/\/villazul.com.mx\/blog\/wp-json\/wp\/v2\/types\/post"}],"author":[{"embeddable":true,"href":"https:\/\/villazul.com.mx\/blog\/wp-json\/wp\/v2\/users\/1"}],"replies":[{"embeddable":true,"href":"https:\/\/villazul.com.mx\/blog\/wp-json\/wp\/v2\/comments?post=12000"}],"version-history":[{"count":5,"href":"https:\/\/villazul.com.mx\/blog\/wp-json\/wp\/v2\/posts\/12000\/revisions"}],"predecessor-version":[{"id":12005,"href":"https:\/\/villazul.com.mx\/blog\/wp-json\/wp\/v2\/posts\/12000\/revisions\/12005"}],"wp:featuredmedia":[{"embeddable":true,"href":"https:\/\/villazul.com.mx\/blog\/wp-json\/wp\/v2\/media\/11997"}],"wp:attachment":[{"href":"https:\/\/villazul.com.mx\/blog\/wp-json\/wp\/v2\/media?parent=12000"}],"wp:term":[{"taxonomy":"category","embeddable":true,"href":"https:\/\/villazul.com.mx\/blog\/wp-json\/wp\/v2\/categories?post=12000"},{"taxonomy":"post_tag","embeddable":true,"href":"https:\/\/villazul.com.mx\/blog\/wp-json\/wp\/v2\/tags?post=12000"}],"curies":[{"name":"wp","href":"https:\/\/api.w.org\/{rel}","templated":true}]}}