{"id":4992,"date":"2019-11-27T22:44:52","date_gmt":"2019-11-27T22:44:52","guid":{"rendered":"http:\/\/villazul.com.mx\/?p=4992"},"modified":"2021-07-06T18:24:26","modified_gmt":"2021-07-06T18:24:26","slug":"residencia-villazul-cumple-35-anos","status":"publish","type":"post","link":"https:\/\/villazul.com.mx\/blog\/residencia-villazul-cumple-35-anos\/","title":{"rendered":"RESIDENCIA VILLAZUL CUMPLE 35 A\u00d1OS"},"content":{"rendered":"<p>[vc_row][vc_column][vc_column_text]<\/p>\r\n<p><p>El pasado mes de Julio de 2019, Residencia Villazul cumpli\u00f3 35 a\u00f1os de velar por el bienestar de los adultos mayores, confirmando su compromiso de brindar atenci\u00f3n de calidad a sus residentes. Fue en 1984 cuando Villazul abri\u00f3 sus puertas convirti\u00e9ndose en la primera residencia de alta calidad para adultos mayores y se ha mantenido como la referencia en cuidados para la tercera edad. Celebramos este acontecimiento con una ceremonia y un reconocimiento al personal con mayor antig\u00fcedad en la residencia.<\/p>\n<p>[\/vc_column_text][\/vc_column][\/vc_row][vc_row][vc_column][vc_gallery type=&#8221;flexslider_slide&#8221; interval=&#8221;5&#8243; images=&#8221;11081,11082,11083&#8243; img_size=&#8221;full&#8221;][\/vc_column][\/vc_row]<\/p>\n","protected":false},"excerpt":{"rendered":"<p>El pasado mes de Julio de 2019, Residencia Villazul cumpli\u00f3 35 a\u00f1os de velar p[&#8230;]<\/p>\n","protected":false},"author":1,"featured_media":10902,"comment_status":"closed","ping_status":"closed","sticky":false,"template":"","format":"standard","meta":{"_mi_skip_tracking":false},"categories":[21],"tags":[],"aioseo_notices":[],"yoast_head":"<!-- This site is optimized with the Yoast SEO plugin v16.3 - https:\/\/yoast.com\/wordpress\/plugins\/seo\/ -->\n<title>RESIDENCIA VILLAZUL CUMPLE 35 A\u00d1OS - Villazul<\/title>\n<meta name=\"robots\" content=\"index, follow, max-snippet:-1, max-image-preview:large, max-video-preview:-1\" \/>\n<link rel=\"canonical\" href=\"https:\/\/villazul.com.mx\/blog\/residencia-villazul-cumple-35-anos\/\" \/>\n<meta property=\"og:locale\" content=\"es_MX\" \/>\n<meta property=\"og:type\" content=\"article\" \/>\n<meta property=\"og:title\" content=\"RESIDENCIA VILLAZUL CUMPLE 35 A\u00d1OS - Villazul\" \/>\n<meta property=\"og:description\" content=\"El pasado mes de Julio de 2019, Residencia Villazul cumpli\u00f3 35 a\u00f1os de velar p[...]\" \/>\n<meta property=\"og:url\" content=\"https:\/\/villazul.com.mx\/blog\/residencia-villazul-cumple-35-anos\/\" \/>\n<meta property=\"og:site_name\" content=\"Villazul\" \/>\n<meta property=\"article:published_time\" content=\"2019-11-27T22:44:52+00:00\" \/>\n<meta property=\"article:modified_time\" content=\"2021-07-06T18:24:26+00:00\" \/>\n<meta property=\"og:image\" content=\"https:\/\/villazul.com.mx\/blog\/wp-content\/uploads\/2019\/11\/DSC1718-1.jpg\" \/>\n\t<meta property=\"og:image:width\" content=\"1297\" \/>\n\t<meta property=\"og:image:height\" content=\"730\" \/>\n<meta name=\"twitter:card\" content=\"summary_large_image\" \/>\n<meta name=\"twitter:label1\" content=\"Tiempo de lectura\">\n\t<meta name=\"twitter:data1\" content=\"1 minuto\">\n<script type=\"application\/ld+json\" class=\"yoast-schema-graph\">{\"@context\":\"https:\/\/schema.org\",\"@graph\":[{\"@type\":\"WebSite\",\"@id\":\"https:\/\/villazul.com.mx\/blog\/#website\",\"url\":\"https:\/\/villazul.com.mx\/blog\/\",\"name\":\"Villazul\",\"description\":\"Nuevo sitio de villazul\",\"potentialAction\":[{\"@type\":\"SearchAction\",\"target\":\"https:\/\/villazul.com.mx\/blog\/?s={search_term_string}\",\"query-input\":\"required name=search_term_string\"}],\"inLanguage\":\"es-MX\"},{\"@type\":\"ImageObject\",\"@id\":\"https:\/\/villazul.com.mx\/blog\/residencia-villazul-cumple-35-anos\/#primaryimage\",\"inLanguage\":\"es-MX\",\"url\":\"https:\/\/villazul.com.mx\/blog\/wp-content\/uploads\/2019\/11\/DSC1718-1.jpg\",\"contentUrl\":\"https:\/\/villazul.com.mx\/blog\/wp-content\/uploads\/2019\/11\/DSC1718-1.jpg\",\"width\":1297,\"height\":730},{\"@type\":\"WebPage\",\"@id\":\"https:\/\/villazul.com.mx\/blog\/residencia-villazul-cumple-35-anos\/#webpage\",\"url\":\"https:\/\/villazul.com.mx\/blog\/residencia-villazul-cumple-35-anos\/\",\"name\":\"RESIDENCIA VILLAZUL CUMPLE 35 A\\u00d1OS - Villazul\",\"isPartOf\":{\"@id\":\"https:\/\/villazul.com.mx\/blog\/#website\"},\"primaryImageOfPage\":{\"@id\":\"https:\/\/villazul.com.mx\/blog\/residencia-villazul-cumple-35-anos\/#primaryimage\"},\"datePublished\":\"2019-11-27T22:44:52+00:00\",\"dateModified\":\"2021-07-06T18:24:26+00:00\",\"author\":{\"@id\":\"https:\/\/villazul.com.mx\/blog\/#\/schema\/person\/a475819fd8bbc2d65d41b7f2f9ae4caf\"},\"breadcrumb\":{\"@id\":\"https:\/\/villazul.com.mx\/blog\/residencia-villazul-cumple-35-anos\/#breadcrumb\"},\"inLanguage\":\"es-MX\",\"potentialAction\":[{\"@type\":\"ReadAction\",\"target\":[\"https:\/\/villazul.com.mx\/blog\/residencia-villazul-cumple-35-anos\/\"]}]},{\"@type\":\"BreadcrumbList\",\"@id\":\"https:\/\/villazul.com.mx\/blog\/residencia-villazul-cumple-35-anos\/#breadcrumb\",\"itemListElement\":[{\"@type\":\"ListItem\",\"position\":1,\"item\":{\"@type\":\"WebPage\",\"@id\":\"https:\/\/villazul.com.mx\/blog\/\",\"url\":\"https:\/\/villazul.com.mx\/blog\/\",\"name\":\"Portada\"}},{\"@type\":\"ListItem\",\"position\":2,\"item\":{\"@id\":\"https:\/\/villazul.com.mx\/blog\/residencia-villazul-cumple-35-anos\/#webpage\"}}]},{\"@type\":\"Person\",\"@id\":\"https:\/\/villazul.com.mx\/blog\/#\/schema\/person\/a475819fd8bbc2d65d41b7f2f9ae4caf\",\"name\":\"Villazul\",\"image\":{\"@type\":\"ImageObject\",\"@id\":\"https:\/\/villazul.com.mx\/blog\/#personlogo\",\"inLanguage\":\"es-MX\",\"url\":\"https:\/\/secure.gravatar.com\/avatar\/f1232790788b518e2037538f031ffb77?s=96&d=mm&r=g\",\"contentUrl\":\"https:\/\/secure.gravatar.com\/avatar\/f1232790788b518e2037538f031ffb77?s=96&d=mm&r=g\",\"caption\":\"Villazul\"},\"sameAs\":[\"https:\/\/villazul.com.mx\/blog\"],\"url\":\"https:\/\/villazul.com.mx\/blog\/author\/villazul\/\"}]}<\/script>\n<!-- \/ Yoast SEO plugin. -->","_links":{"self":[{"href":"https:\/\/villazul.com.mx\/blog\/wp-json\/wp\/v2\/posts\/4992"}],"collection":[{"href":"https:\/\/villazul.com.mx\/blog\/wp-json\/wp\/v2\/posts"}],"about":[{"href":"https:\/\/villazul.com.mx\/blog\/wp-json\/wp\/v2\/types\/post"}],"author":[{"embeddable":true,"href":"https:\/\/villazul.com.mx\/blog\/wp-json\/wp\/v2\/users\/1"}],"replies":[{"embeddable":true,"href":"https:\/\/villazul.com.mx\/blog\/wp-json\/wp\/v2\/comments?post=4992"}],"version-history":[{"count":4,"href":"https:\/\/villazul.com.mx\/blog\/wp-json\/wp\/v2\/posts\/4992\/revisions"}],"predecessor-version":[{"id":11651,"href":"https:\/\/villazul.com.mx\/blog\/wp-json\/wp\/v2\/posts\/4992\/revisions\/11651"}],"wp:featuredmedia":[{"embeddable":true,"href":"https:\/\/villazul.com.mx\/blog\/wp-json\/wp\/v2\/media\/10902"}],"wp:attachment":[{"href":"https:\/\/villazul.com.mx\/blog\/wp-json\/wp\/v2\/media?parent=4992"}],"wp:term":[{"taxonomy":"category","embeddable":true,"href":"https:\/\/villazul.com.mx\/blog\/wp-json\/wp\/v2\/categories?post=4992"},{"taxonomy":"post_tag","embeddable":true,"href":"https:\/\/villazul.com.mx\/blog\/wp-json\/wp\/v2\/tags?post=4992"}],"curies":[{"name":"wp","href":"https:\/\/api.w.org\/{rel}","templated":true}]}}